{"id":13691,"date":"2019-09-10T13:27:05","date_gmt":"2019-09-10T13:27:05","guid":{"rendered":"http:\/\/fpluso.com\/?p=13691"},"modified":"2020-02-02T13:28:48","modified_gmt":"2020-02-02T13:28:48","slug":"scham-die-tabuisierte-emotion-2","status":"publish","type":"post","link":"https:\/\/fpluso.com\/en\/scham-die-tabuisierte-emotion-2\/","title":{"rendered":"Zukunftagil"},"content":{"rendered":"<p>Wie ist es mit Euch? Habt ihr Lust, n\u00e4chste Woche bei unserem Event <a class=\"_58cn\" href=\"https:\/\/de-de.facebook.com\/hashtag\/zukunftagil?source=feed_text&amp;epa=HASHTAG&amp;__xts__%5B0%5D=68.ARCjzVsSuVQdxyn72gI1KzkGHq3X-xjy5WM-RnMHusHXkrGRGq7KGvEcL3GY9nOn8NN24dJScPfYf-bfuroAyfKccOaEGA5m5Drj8mP7N7SBQtWi5On_8NJWGXj7CdHloutDtUvoqehC8936HfwsImkyzjkEPBv3nxpdQzuYzHJqZ76dr-Y4rQK7WVyBXOjqgUexv3P9599qjCOqS4YpQlZxnfQL1n2H3DNSmMKsNcofwkvyf-vkmNEjkmy62-L0ukgEuO5zEJvBWh5e4PMWIx0vOjMA0GrrunWzMW6m1Truu7JybB306vnyg0VTfIdkYEscOsgrqwyl60NzFLJXzyqxvbG9mqeALahwkQLx&amp;__tn__=%2ANK-R\" data-ft=\"{&quot;type&quot;:104,&quot;tn&quot;:&quot;*N&quot;}\"><span class=\"_5afx\"><span class=\"_58cl _5afz\" aria-label=\"Hashtag\">#<\/span><span class=\"_58cm\">zukunftagil<\/span><\/span><\/a> in K\u00f6ln dabei zu sein? Claudia Schmitz, Heide Ebeling und ich haben drei insprierende Inputs vorbereited<br \/>\nund freuen uns auf interessante Gespr\u00e4che. Es wird ein prall gef\u00fcllter Vormittag.<\/p>\n<p>Anmeldung bei uns oder auf <a href=\"http:\/\/www.zukunftagil.org\/\" target=\"_blank\" rel=\"noopener nofollow noreferrer\" data-ft=\"{&quot;tn&quot;:&quot;-U&quot;}\" data-lynx-mode=\"origin\" data-lynx-uri=\"https:\/\/l.facebook.com\/l.php?u=http%3A%2F%2Fwww.zukunftagil.org%2F&amp;h=AT0Y3GfiTmx78kbWRYI_PP5j7ddF-O9UjJ1QOpO7yigdv3a9VLoOnF0tSxZyOKjr_dMVz93juXbSFvsXJNq0p5VNFr0Jqeton9cT3p3CaZMgvnY4mlt3SRwP6wwnJV4ISpvpsZNTLv8C5x8f4WnIScCJSlamRqCb0GzXObrgT29aovv5EU6oJvsRwjTSKItaxudkdApz0cvfQQqZ1la4NwF_nVvhpYG2ic0gaZMwNULR4mDOW_sOF7l8adn2EsY-mco6ecjN290vW75m5y00KRzo9vJKeoP26ievzdxAuEQsq2bdAeIhPcqy3ZoFAGx6zk13oog62S4F7Y6NN-MIVYTDrieVwgzbV5UNp4WyAW2evG16eFkEH-_YfJP2GTLffnaIn8_CYM1U9bfLGH6r9jxORMWqesMpnvTpJ2X8uAvqylMcutYZlx3Hkd9OUAftMga94iyj-fHLwpFIP58AyGoruSbcsvuBuLVh6BfV6CJjBx0eKzjGU5kSezPB4kU79T99wDfiURHzdLZAxhFbeIRi6uKKuL6l6X7sMsgVjqTzxKcUBAyuZNUfpi2K5WXxIjBakuHbmVHOQk0BbFV7bWGVTsUdSh7IkD6MbQoxN0DgjoEEQaYwQWQrirxdwg1LcpH-8xNN0vGKE8RhuYhl5HLMSwCx3sh2n0Z5yEYCsfXkjF8eRPD-Z_WtiJ_G8A\">www.zukunftagil.org<\/a><\/p>\n","protected":false},"excerpt":{"rendered":"<p>Wie ist es mit Euch? Habt ihr Lust, n\u00e4chste Woche bei unserem Event #zukunftagil in K\u00f6ln dabei zu sein? Claudia Schmitz, Heide Ebeling und ich haben drei insprierende Inputs vorbereited und freuen uns auf interessante Gespr\u00e4che. Es wird ein prall gef\u00fcllter Vormittag. Anmeldung bei uns oder auf www.zukunftagil.org<\/p>\n","protected":false},"author":2,"featured_media":13692,"comment_status":"open","ping_status":"open","sticky":false,"template":"","format":"standard","meta":{"footnotes":""},"categories":[2],"tags":[],"class_list":["post-13691","post","type-post","status-publish","format-standard","has-post-thumbnail","hentry","category-creative"],"yoast_head":"<!-- This site is optimized with the Yoast SEO plugin v26.8 - https:\/\/yoast.com\/product\/yoast-seo-wordpress\/ -->\n<title>Zukunftagil - F&amp;O F\u00fchrungskr\u00e4fte- &amp; Organisationsentwicklung<\/title>\n<meta name=\"robots\" content=\"index, follow, max-snippet:-1, max-image-preview:large, max-video-preview:-1\" \/>\n<link rel=\"canonical\" href=\"https:\/\/fpluso.com\/scham-die-tabuisierte-emotion-2\/\" \/>\n<meta property=\"og:locale\" content=\"en_US\" \/>\n<meta property=\"og:type\" content=\"article\" \/>\n<meta property=\"og:title\" content=\"Zukunftagil - F&amp;O F\u00fchrungskr\u00e4fte- &amp; Organisationsentwicklung\" \/>\n<meta property=\"og:description\" content=\"Wie ist es mit Euch? Habt ihr Lust, n\u00e4chste Woche bei unserem Event #zukunftagil in K\u00f6ln dabei zu sein? Claudia Schmitz, Heide Ebeling und ich haben drei insprierende Inputs vorbereited und freuen uns auf interessante Gespr\u00e4che. Es wird ein prall gef\u00fcllter Vormittag. Anmeldung bei uns oder auf www.zukunftagil.org\" \/>\n<meta property=\"og:url\" content=\"https:\/\/fpluso.com\/scham-die-tabuisierte-emotion-2\/\" \/>\n<meta property=\"og:site_name\" content=\"F&amp;O F\u00fchrungskr\u00e4fte- &amp; Organisationsentwicklung\" \/>\n<meta property=\"article:published_time\" content=\"2019-09-10T13:27:05+00:00\" \/>\n<meta property=\"article:modified_time\" content=\"2020-02-02T13:28:48+00:00\" \/>\n<meta property=\"og:image\" content=\"https:\/\/fpluso.com\/wp-content\/uploads\/2020\/02\/zukunftagil.png\" \/>\n\t<meta property=\"og:image:width\" content=\"458\" \/>\n\t<meta property=\"og:image:height\" content=\"599\" \/>\n\t<meta property=\"og:image:type\" content=\"image\/png\" \/>\n<meta name=\"author\" content=\"Esther\" \/>\n<meta name=\"twitter:card\" content=\"summary_large_image\" \/>\n<meta name=\"twitter:label1\" content=\"Written by\" \/>\n\t<meta name=\"twitter:data1\" content=\"Esther\" \/>\n<script type=\"application\/ld+json\" class=\"yoast-schema-graph\">{\"@context\":\"https:\/\/schema.org\",\"@graph\":[{\"@type\":\"Article\",\"@id\":\"https:\/\/fpluso.com\/scham-die-tabuisierte-emotion-2\/#article\",\"isPartOf\":{\"@id\":\"https:\/\/fpluso.com\/scham-die-tabuisierte-emotion-2\/\"},\"author\":{\"name\":\"Esther\",\"@id\":\"https:\/\/fpluso.com\/en\/#\/schema\/person\/28e698a0b562ab0e143cd66012304d3b\"},\"headline\":\"Zukunftagil\",\"datePublished\":\"2019-09-10T13:27:05+00:00\",\"dateModified\":\"2020-02-02T13:28:48+00:00\",\"mainEntityOfPage\":{\"@id\":\"https:\/\/fpluso.com\/scham-die-tabuisierte-emotion-2\/\"},\"wordCount\":55,\"commentCount\":0,\"image\":{\"@id\":\"https:\/\/fpluso.com\/scham-die-tabuisierte-emotion-2\/#primaryimage\"},\"thumbnailUrl\":\"https:\/\/fpluso.com\/wp-content\/uploads\/2020\/02\/zukunftagil.png\",\"articleSection\":[\"Creative\"],\"inLanguage\":\"en-US\",\"potentialAction\":[{\"@type\":\"CommentAction\",\"name\":\"Comment\",\"target\":[\"https:\/\/fpluso.com\/scham-die-tabuisierte-emotion-2\/#respond\"]}]},{\"@type\":\"WebPage\",\"@id\":\"https:\/\/fpluso.com\/scham-die-tabuisierte-emotion-2\/\",\"url\":\"https:\/\/fpluso.com\/scham-die-tabuisierte-emotion-2\/\",\"name\":\"Zukunftagil - F&O F\u00fchrungskr\u00e4fte- & Organisationsentwicklung\",\"isPartOf\":{\"@id\":\"https:\/\/fpluso.com\/en\/#website\"},\"primaryImageOfPage\":{\"@id\":\"https:\/\/fpluso.com\/scham-die-tabuisierte-emotion-2\/#primaryimage\"},\"image\":{\"@id\":\"https:\/\/fpluso.com\/scham-die-tabuisierte-emotion-2\/#primaryimage\"},\"thumbnailUrl\":\"https:\/\/fpluso.com\/wp-content\/uploads\/2020\/02\/zukunftagil.png\",\"datePublished\":\"2019-09-10T13:27:05+00:00\",\"dateModified\":\"2020-02-02T13:28:48+00:00\",\"author\":{\"@id\":\"https:\/\/fpluso.com\/en\/#\/schema\/person\/28e698a0b562ab0e143cd66012304d3b\"},\"breadcrumb\":{\"@id\":\"https:\/\/fpluso.com\/scham-die-tabuisierte-emotion-2\/#breadcrumb\"},\"inLanguage\":\"en-US\",\"potentialAction\":[{\"@type\":\"ReadAction\",\"target\":[\"https:\/\/fpluso.com\/scham-die-tabuisierte-emotion-2\/\"]}]},{\"@type\":\"ImageObject\",\"inLanguage\":\"en-US\",\"@id\":\"https:\/\/fpluso.com\/scham-die-tabuisierte-emotion-2\/#primaryimage\",\"url\":\"https:\/\/fpluso.com\/wp-content\/uploads\/2020\/02\/zukunftagil.png\",\"contentUrl\":\"https:\/\/fpluso.com\/wp-content\/uploads\/2020\/02\/zukunftagil.png\",\"width\":458,\"height\":599},{\"@type\":\"BreadcrumbList\",\"@id\":\"https:\/\/fpluso.com\/scham-die-tabuisierte-emotion-2\/#breadcrumb\",\"itemListElement\":[{\"@type\":\"ListItem\",\"position\":1,\"name\":\"Startseite\",\"item\":\"https:\/\/fpluso.com\/en\/\"},{\"@type\":\"ListItem\",\"position\":2,\"name\":\"Zukunftagil\"}]},{\"@type\":\"WebSite\",\"@id\":\"https:\/\/fpluso.com\/en\/#website\",\"url\":\"https:\/\/fpluso.com\/en\/\",\"name\":\"F&O F\u00fchrungskr\u00e4fte- & Organisationsentwicklung\",\"description\":\"\",\"potentialAction\":[{\"@type\":\"SearchAction\",\"target\":{\"@type\":\"EntryPoint\",\"urlTemplate\":\"https:\/\/fpluso.com\/en\/?s={search_term_string}\"},\"query-input\":{\"@type\":\"PropertyValueSpecification\",\"valueRequired\":true,\"valueName\":\"search_term_string\"}}],\"inLanguage\":\"en-US\"},{\"@type\":\"Person\",\"@id\":\"https:\/\/fpluso.com\/en\/#\/schema\/person\/28e698a0b562ab0e143cd66012304d3b\",\"name\":\"Esther\",\"image\":{\"@type\":\"ImageObject\",\"inLanguage\":\"en-US\",\"@id\":\"https:\/\/fpluso.com\/en\/#\/schema\/person\/image\/\",\"url\":\"https:\/\/secure.gravatar.com\/avatar\/18b376427d432bfd3f3b80ad3c9f937b098b9ef6f1f681b9c342bd70361e5750?s=96&d=mm&r=g\",\"contentUrl\":\"https:\/\/secure.gravatar.com\/avatar\/18b376427d432bfd3f3b80ad3c9f937b098b9ef6f1f681b9c342bd70361e5750?s=96&d=mm&r=g\",\"caption\":\"Esther\"},\"url\":\"https:\/\/fpluso.com\/en\/author\/esther\/\"}]}<\/script>\n<!-- \/ Yoast SEO plugin. -->","yoast_head_json":{"title":"Zukunftagil - F&O F\u00fchrungskr\u00e4fte- & Organisationsentwicklung","robots":{"index":"index","follow":"follow","max-snippet":"max-snippet:-1","max-image-preview":"max-image-preview:large","max-video-preview":"max-video-preview:-1"},"canonical":"https:\/\/fpluso.com\/scham-die-tabuisierte-emotion-2\/","og_locale":"en_US","og_type":"article","og_title":"Zukunftagil - F&O F\u00fchrungskr\u00e4fte- & Organisationsentwicklung","og_description":"Wie ist es mit Euch? Habt ihr Lust, n\u00e4chste Woche bei unserem Event #zukunftagil in K\u00f6ln dabei zu sein? Claudia Schmitz, Heide Ebeling und ich haben drei insprierende Inputs vorbereited und freuen uns auf interessante Gespr\u00e4che. Es wird ein prall gef\u00fcllter Vormittag. Anmeldung bei uns oder auf www.zukunftagil.org","og_url":"https:\/\/fpluso.com\/scham-die-tabuisierte-emotion-2\/","og_site_name":"F&O F\u00fchrungskr\u00e4fte- & Organisationsentwicklung","article_published_time":"2019-09-10T13:27:05+00:00","article_modified_time":"2020-02-02T13:28:48+00:00","og_image":[{"width":458,"height":599,"url":"https:\/\/fpluso.com\/wp-content\/uploads\/2020\/02\/zukunftagil.png","type":"image\/png"}],"author":"Esther","twitter_card":"summary_large_image","twitter_misc":{"Written by":"Esther"},"schema":{"@context":"https:\/\/schema.org","@graph":[{"@type":"Article","@id":"https:\/\/fpluso.com\/scham-die-tabuisierte-emotion-2\/#article","isPartOf":{"@id":"https:\/\/fpluso.com\/scham-die-tabuisierte-emotion-2\/"},"author":{"name":"Esther","@id":"https:\/\/fpluso.com\/en\/#\/schema\/person\/28e698a0b562ab0e143cd66012304d3b"},"headline":"Zukunftagil","datePublished":"2019-09-10T13:27:05+00:00","dateModified":"2020-02-02T13:28:48+00:00","mainEntityOfPage":{"@id":"https:\/\/fpluso.com\/scham-die-tabuisierte-emotion-2\/"},"wordCount":55,"commentCount":0,"image":{"@id":"https:\/\/fpluso.com\/scham-die-tabuisierte-emotion-2\/#primaryimage"},"thumbnailUrl":"https:\/\/fpluso.com\/wp-content\/uploads\/2020\/02\/zukunftagil.png","articleSection":["Creative"],"inLanguage":"en-US","potentialAction":[{"@type":"CommentAction","name":"Comment","target":["https:\/\/fpluso.com\/scham-die-tabuisierte-emotion-2\/#respond"]}]},{"@type":"WebPage","@id":"https:\/\/fpluso.com\/scham-die-tabuisierte-emotion-2\/","url":"https:\/\/fpluso.com\/scham-die-tabuisierte-emotion-2\/","name":"Zukunftagil - F&O F\u00fchrungskr\u00e4fte- & Organisationsentwicklung","isPartOf":{"@id":"https:\/\/fpluso.com\/en\/#website"},"primaryImageOfPage":{"@id":"https:\/\/fpluso.com\/scham-die-tabuisierte-emotion-2\/#primaryimage"},"image":{"@id":"https:\/\/fpluso.com\/scham-die-tabuisierte-emotion-2\/#primaryimage"},"thumbnailUrl":"https:\/\/fpluso.com\/wp-content\/uploads\/2020\/02\/zukunftagil.png","datePublished":"2019-09-10T13:27:05+00:00","dateModified":"2020-02-02T13:28:48+00:00","author":{"@id":"https:\/\/fpluso.com\/en\/#\/schema\/person\/28e698a0b562ab0e143cd66012304d3b"},"breadcrumb":{"@id":"https:\/\/fpluso.com\/scham-die-tabuisierte-emotion-2\/#breadcrumb"},"inLanguage":"en-US","potentialAction":[{"@type":"ReadAction","target":["https:\/\/fpluso.com\/scham-die-tabuisierte-emotion-2\/"]}]},{"@type":"ImageObject","inLanguage":"en-US","@id":"https:\/\/fpluso.com\/scham-die-tabuisierte-emotion-2\/#primaryimage","url":"https:\/\/fpluso.com\/wp-content\/uploads\/2020\/02\/zukunftagil.png","contentUrl":"https:\/\/fpluso.com\/wp-content\/uploads\/2020\/02\/zukunftagil.png","width":458,"height":599},{"@type":"BreadcrumbList","@id":"https:\/\/fpluso.com\/scham-die-tabuisierte-emotion-2\/#breadcrumb","itemListElement":[{"@type":"ListItem","position":1,"name":"Startseite","item":"https:\/\/fpluso.com\/en\/"},{"@type":"ListItem","position":2,"name":"Zukunftagil"}]},{"@type":"WebSite","@id":"https:\/\/fpluso.com\/en\/#website","url":"https:\/\/fpluso.com\/en\/","name":"F&O F\u00fchrungskr\u00e4fte- & Organisationsentwicklung","description":"","potentialAction":[{"@type":"SearchAction","target":{"@type":"EntryPoint","urlTemplate":"https:\/\/fpluso.com\/en\/?s={search_term_string}"},"query-input":{"@type":"PropertyValueSpecification","valueRequired":true,"valueName":"search_term_string"}}],"inLanguage":"en-US"},{"@type":"Person","@id":"https:\/\/fpluso.com\/en\/#\/schema\/person\/28e698a0b562ab0e143cd66012304d3b","name":"Esther","image":{"@type":"ImageObject","inLanguage":"en-US","@id":"https:\/\/fpluso.com\/en\/#\/schema\/person\/image\/","url":"https:\/\/secure.gravatar.com\/avatar\/18b376427d432bfd3f3b80ad3c9f937b098b9ef6f1f681b9c342bd70361e5750?s=96&d=mm&r=g","contentUrl":"https:\/\/secure.gravatar.com\/avatar\/18b376427d432bfd3f3b80ad3c9f937b098b9ef6f1f681b9c342bd70361e5750?s=96&d=mm&r=g","caption":"Esther"},"url":"https:\/\/fpluso.com\/en\/author\/esther\/"}]}},"_links":{"self":[{"href":"https:\/\/fpluso.com\/en\/wp-json\/wp\/v2\/posts\/13691","targetHints":{"allow":["GET"]}}],"collection":[{"href":"https:\/\/fpluso.com\/en\/wp-json\/wp\/v2\/posts"}],"about":[{"href":"https:\/\/fpluso.com\/en\/wp-json\/wp\/v2\/types\/post"}],"author":[{"embeddable":true,"href":"https:\/\/fpluso.com\/en\/wp-json\/wp\/v2\/users\/2"}],"replies":[{"embeddable":true,"href":"https:\/\/fpluso.com\/en\/wp-json\/wp\/v2\/comments?post=13691"}],"version-history":[{"count":1,"href":"https:\/\/fpluso.com\/en\/wp-json\/wp\/v2\/posts\/13691\/revisions"}],"predecessor-version":[{"id":13694,"href":"https:\/\/fpluso.com\/en\/wp-json\/wp\/v2\/posts\/13691\/revisions\/13694"}],"wp:featuredmedia":[{"embeddable":true,"href":"https:\/\/fpluso.com\/en\/wp-json\/wp\/v2\/media\/13692"}],"wp:attachment":[{"href":"https:\/\/fpluso.com\/en\/wp-json\/wp\/v2\/media?parent=13691"}],"wp:term":[{"taxonomy":"category","embeddable":true,"href":"https:\/\/fpluso.com\/en\/wp-json\/wp\/v2\/categories?post=13691"},{"taxonomy":"post_tag","embeddable":true,"href":"https:\/\/fpluso.com\/en\/wp-json\/wp\/v2\/tags?post=13691"}],"curies":[{"name":"wp","href":"https:\/\/api.w.org\/{rel}","templated":true}]}}