{"id":13685,"date":"2019-09-12T13:23:03","date_gmt":"2019-09-12T13:23:03","guid":{"rendered":"http:\/\/fpluso.com\/?p=13685"},"modified":"2020-02-02T13:29:55","modified_gmt":"2020-02-02T13:29:55","slug":"scham-die-tabuisierte-emotion","status":"publish","type":"post","link":"https:\/\/fpluso.com\/en\/scham-die-tabuisierte-emotion\/","title":{"rendered":"Scham \u2013 die tabuisierte Emotion"},"content":{"rendered":"<p>Scham ist neben Angst, Freude, Traurigkeit und Wut eine Basisemotion, die allerdings weder im sozialen noch im wirtschaftlichen Kontext bisher gro\u00dfe Beachtung findet. Scham kann man sich dabei wie ein Gef\u00e4\u00df vorstellen, was jeder von uns besitzt und wo sich Scham ansammelt. Wenn es voll ist, Menschen also zu sehr besch\u00e4mt wurden, l\u00e4uft es \u00fcber und h\u00e4ufig m\u00fcssen dann Minderheiten einer Gesellschaft diese Scham aufsaugen oder im Wirtschaftskontext<span class=\"text_exposed_show\"> werden Mitarbeiter, Kollegen und Chefs ebenfalls besch\u00e4mt. Werden wir massiv besch\u00e4mt, dann f\u00fchlt sich das f\u00fcr unser Gehirn so an, als wenn wir Ertrinken (gleiches Areal aktiviert). Der f\u00fchrende Forscher zum Thema Scham, Stephan Marks, erkl\u00e4rt, dass wir Menschen dann bereit sind, (fast) alles zu tun, um dieses Ohnmachtsgef\u00fchl nach M\u00f6glichkeit zu vermeiden oder erst gar nicht aufkommen zu lassen. <\/span><\/p>\n<p><span class=\"text_exposed_show\"><br \/>\nWie k\u00f6nnen wir diese Erkenntnis f\u00fcr sinnstiftende und erfolgreiche F\u00fchrung nutzen? An dieser Stelle m\u00f6chten wir eine mehrteilige Serie starten.<\/span><\/p>\n","protected":false},"excerpt":{"rendered":"<p>Scham ist neben Angst, Freude, Traurigkeit und Wut eine Basisemotion, die allerdings weder im sozialen noch im wirtschaftlichen Kontext bisher gro\u00dfe Beachtung findet. Scham kann man sich dabei wie ein Gef\u00e4\u00df vorstellen, was jeder von uns besitzt und wo sich Scham ansammelt. Wenn es voll ist, Menschen also zu sehr besch\u00e4mt wurden, l\u00e4uft es \u00fcber und [&hellip;]<\/p>\n","protected":false},"author":2,"featured_media":13686,"comment_status":"open","ping_status":"open","sticky":false,"template":"","format":"standard","meta":{"footnotes":""},"categories":[41],"tags":[],"class_list":["post-13685","post","type-post","status-publish","format-standard","has-post-thumbnail","hentry","category-tools"],"yoast_head":"<!-- This site is optimized with the Yoast SEO plugin v26.8 - https:\/\/yoast.com\/product\/yoast-seo-wordpress\/ -->\n<title>Scham \u2013 die tabuisierte Emotion - F&amp;O F\u00fchrungskr\u00e4fte- &amp; Organisationsentwicklung<\/title>\n<meta name=\"robots\" content=\"index, follow, max-snippet:-1, max-image-preview:large, max-video-preview:-1\" \/>\n<link rel=\"canonical\" href=\"https:\/\/fpluso.com\/scham-die-tabuisierte-emotion\/\" \/>\n<meta property=\"og:locale\" content=\"en_US\" \/>\n<meta property=\"og:type\" content=\"article\" \/>\n<meta property=\"og:title\" content=\"Scham \u2013 die tabuisierte Emotion - F&amp;O F\u00fchrungskr\u00e4fte- &amp; Organisationsentwicklung\" \/>\n<meta property=\"og:description\" content=\"Scham ist neben Angst, Freude, Traurigkeit und Wut eine Basisemotion, die allerdings weder im sozialen noch im wirtschaftlichen Kontext bisher gro\u00dfe Beachtung findet. Scham kann man sich dabei wie ein Gef\u00e4\u00df vorstellen, was jeder von uns besitzt und wo sich Scham ansammelt. Wenn es voll ist, Menschen also zu sehr besch\u00e4mt wurden, l\u00e4uft es \u00fcber und [&hellip;]\" \/>\n<meta property=\"og:url\" content=\"https:\/\/fpluso.com\/scham-die-tabuisierte-emotion\/\" \/>\n<meta property=\"og:site_name\" content=\"F&amp;O F\u00fchrungskr\u00e4fte- &amp; Organisationsentwicklung\" \/>\n<meta property=\"article:published_time\" content=\"2019-09-12T13:23:03+00:00\" \/>\n<meta property=\"article:modified_time\" content=\"2020-02-02T13:29:55+00:00\" \/>\n<meta property=\"og:image\" content=\"https:\/\/fpluso.com\/wp-content\/uploads\/2020\/02\/scham_1.jpg\" \/>\n\t<meta property=\"og:image:width\" content=\"960\" \/>\n\t<meta property=\"og:image:height\" content=\"713\" \/>\n\t<meta property=\"og:image:type\" content=\"image\/jpeg\" \/>\n<meta name=\"author\" content=\"Esther\" \/>\n<meta name=\"twitter:card\" content=\"summary_large_image\" \/>\n<meta name=\"twitter:label1\" content=\"Written by\" \/>\n\t<meta name=\"twitter:data1\" content=\"Esther\" \/>\n\t<meta name=\"twitter:label2\" content=\"Est. reading time\" \/>\n\t<meta name=\"twitter:data2\" content=\"1 minute\" \/>\n<script type=\"application\/ld+json\" class=\"yoast-schema-graph\">{\"@context\":\"https:\/\/schema.org\",\"@graph\":[{\"@type\":\"Article\",\"@id\":\"https:\/\/fpluso.com\/scham-die-tabuisierte-emotion\/#article\",\"isPartOf\":{\"@id\":\"https:\/\/fpluso.com\/scham-die-tabuisierte-emotion\/\"},\"author\":{\"name\":\"Esther\",\"@id\":\"https:\/\/fpluso.com\/en\/#\/schema\/person\/28e698a0b562ab0e143cd66012304d3b\"},\"headline\":\"Scham \u2013 die tabuisierte Emotion\",\"datePublished\":\"2019-09-12T13:23:03+00:00\",\"dateModified\":\"2020-02-02T13:29:55+00:00\",\"mainEntityOfPage\":{\"@id\":\"https:\/\/fpluso.com\/scham-die-tabuisierte-emotion\/\"},\"wordCount\":169,\"commentCount\":0,\"image\":{\"@id\":\"https:\/\/fpluso.com\/scham-die-tabuisierte-emotion\/#primaryimage\"},\"thumbnailUrl\":\"https:\/\/fpluso.com\/wp-content\/uploads\/2020\/02\/scham_1.jpg\",\"articleSection\":[\"Tools\"],\"inLanguage\":\"en-US\",\"potentialAction\":[{\"@type\":\"CommentAction\",\"name\":\"Comment\",\"target\":[\"https:\/\/fpluso.com\/scham-die-tabuisierte-emotion\/#respond\"]}]},{\"@type\":\"WebPage\",\"@id\":\"https:\/\/fpluso.com\/scham-die-tabuisierte-emotion\/\",\"url\":\"https:\/\/fpluso.com\/scham-die-tabuisierte-emotion\/\",\"name\":\"Scham \u2013 die tabuisierte Emotion - F&O F\u00fchrungskr\u00e4fte- & Organisationsentwicklung\",\"isPartOf\":{\"@id\":\"https:\/\/fpluso.com\/en\/#website\"},\"primaryImageOfPage\":{\"@id\":\"https:\/\/fpluso.com\/scham-die-tabuisierte-emotion\/#primaryimage\"},\"image\":{\"@id\":\"https:\/\/fpluso.com\/scham-die-tabuisierte-emotion\/#primaryimage\"},\"thumbnailUrl\":\"https:\/\/fpluso.com\/wp-content\/uploads\/2020\/02\/scham_1.jpg\",\"datePublished\":\"2019-09-12T13:23:03+00:00\",\"dateModified\":\"2020-02-02T13:29:55+00:00\",\"author\":{\"@id\":\"https:\/\/fpluso.com\/en\/#\/schema\/person\/28e698a0b562ab0e143cd66012304d3b\"},\"breadcrumb\":{\"@id\":\"https:\/\/fpluso.com\/scham-die-tabuisierte-emotion\/#breadcrumb\"},\"inLanguage\":\"en-US\",\"potentialAction\":[{\"@type\":\"ReadAction\",\"target\":[\"https:\/\/fpluso.com\/scham-die-tabuisierte-emotion\/\"]}]},{\"@type\":\"ImageObject\",\"inLanguage\":\"en-US\",\"@id\":\"https:\/\/fpluso.com\/scham-die-tabuisierte-emotion\/#primaryimage\",\"url\":\"https:\/\/fpluso.com\/wp-content\/uploads\/2020\/02\/scham_1.jpg\",\"contentUrl\":\"https:\/\/fpluso.com\/wp-content\/uploads\/2020\/02\/scham_1.jpg\",\"width\":960,\"height\":713},{\"@type\":\"BreadcrumbList\",\"@id\":\"https:\/\/fpluso.com\/scham-die-tabuisierte-emotion\/#breadcrumb\",\"itemListElement\":[{\"@type\":\"ListItem\",\"position\":1,\"name\":\"Startseite\",\"item\":\"https:\/\/fpluso.com\/en\/\"},{\"@type\":\"ListItem\",\"position\":2,\"name\":\"Scham \u2013 die tabuisierte Emotion\"}]},{\"@type\":\"WebSite\",\"@id\":\"https:\/\/fpluso.com\/en\/#website\",\"url\":\"https:\/\/fpluso.com\/en\/\",\"name\":\"F&O F\u00fchrungskr\u00e4fte- & Organisationsentwicklung\",\"description\":\"\",\"potentialAction\":[{\"@type\":\"SearchAction\",\"target\":{\"@type\":\"EntryPoint\",\"urlTemplate\":\"https:\/\/fpluso.com\/en\/?s={search_term_string}\"},\"query-input\":{\"@type\":\"PropertyValueSpecification\",\"valueRequired\":true,\"valueName\":\"search_term_string\"}}],\"inLanguage\":\"en-US\"},{\"@type\":\"Person\",\"@id\":\"https:\/\/fpluso.com\/en\/#\/schema\/person\/28e698a0b562ab0e143cd66012304d3b\",\"name\":\"Esther\",\"image\":{\"@type\":\"ImageObject\",\"inLanguage\":\"en-US\",\"@id\":\"https:\/\/fpluso.com\/en\/#\/schema\/person\/image\/\",\"url\":\"https:\/\/secure.gravatar.com\/avatar\/18b376427d432bfd3f3b80ad3c9f937b098b9ef6f1f681b9c342bd70361e5750?s=96&d=mm&r=g\",\"contentUrl\":\"https:\/\/secure.gravatar.com\/avatar\/18b376427d432bfd3f3b80ad3c9f937b098b9ef6f1f681b9c342bd70361e5750?s=96&d=mm&r=g\",\"caption\":\"Esther\"},\"url\":\"https:\/\/fpluso.com\/en\/author\/esther\/\"}]}<\/script>\n<!-- \/ Yoast SEO plugin. -->","yoast_head_json":{"title":"Scham \u2013 die tabuisierte Emotion - F&O F\u00fchrungskr\u00e4fte- & Organisationsentwicklung","robots":{"index":"index","follow":"follow","max-snippet":"max-snippet:-1","max-image-preview":"max-image-preview:large","max-video-preview":"max-video-preview:-1"},"canonical":"https:\/\/fpluso.com\/scham-die-tabuisierte-emotion\/","og_locale":"en_US","og_type":"article","og_title":"Scham \u2013 die tabuisierte Emotion - F&O F\u00fchrungskr\u00e4fte- & Organisationsentwicklung","og_description":"Scham ist neben Angst, Freude, Traurigkeit und Wut eine Basisemotion, die allerdings weder im sozialen noch im wirtschaftlichen Kontext bisher gro\u00dfe Beachtung findet. Scham kann man sich dabei wie ein Gef\u00e4\u00df vorstellen, was jeder von uns besitzt und wo sich Scham ansammelt. Wenn es voll ist, Menschen also zu sehr besch\u00e4mt wurden, l\u00e4uft es \u00fcber und [&hellip;]","og_url":"https:\/\/fpluso.com\/scham-die-tabuisierte-emotion\/","og_site_name":"F&O F\u00fchrungskr\u00e4fte- & Organisationsentwicklung","article_published_time":"2019-09-12T13:23:03+00:00","article_modified_time":"2020-02-02T13:29:55+00:00","og_image":[{"width":960,"height":713,"url":"https:\/\/fpluso.com\/wp-content\/uploads\/2020\/02\/scham_1.jpg","type":"image\/jpeg"}],"author":"Esther","twitter_card":"summary_large_image","twitter_misc":{"Written by":"Esther","Est. reading time":"1 minute"},"schema":{"@context":"https:\/\/schema.org","@graph":[{"@type":"Article","@id":"https:\/\/fpluso.com\/scham-die-tabuisierte-emotion\/#article","isPartOf":{"@id":"https:\/\/fpluso.com\/scham-die-tabuisierte-emotion\/"},"author":{"name":"Esther","@id":"https:\/\/fpluso.com\/en\/#\/schema\/person\/28e698a0b562ab0e143cd66012304d3b"},"headline":"Scham \u2013 die tabuisierte Emotion","datePublished":"2019-09-12T13:23:03+00:00","dateModified":"2020-02-02T13:29:55+00:00","mainEntityOfPage":{"@id":"https:\/\/fpluso.com\/scham-die-tabuisierte-emotion\/"},"wordCount":169,"commentCount":0,"image":{"@id":"https:\/\/fpluso.com\/scham-die-tabuisierte-emotion\/#primaryimage"},"thumbnailUrl":"https:\/\/fpluso.com\/wp-content\/uploads\/2020\/02\/scham_1.jpg","articleSection":["Tools"],"inLanguage":"en-US","potentialAction":[{"@type":"CommentAction","name":"Comment","target":["https:\/\/fpluso.com\/scham-die-tabuisierte-emotion\/#respond"]}]},{"@type":"WebPage","@id":"https:\/\/fpluso.com\/scham-die-tabuisierte-emotion\/","url":"https:\/\/fpluso.com\/scham-die-tabuisierte-emotion\/","name":"Scham \u2013 die tabuisierte Emotion - F&O F\u00fchrungskr\u00e4fte- & Organisationsentwicklung","isPartOf":{"@id":"https:\/\/fpluso.com\/en\/#website"},"primaryImageOfPage":{"@id":"https:\/\/fpluso.com\/scham-die-tabuisierte-emotion\/#primaryimage"},"image":{"@id":"https:\/\/fpluso.com\/scham-die-tabuisierte-emotion\/#primaryimage"},"thumbnailUrl":"https:\/\/fpluso.com\/wp-content\/uploads\/2020\/02\/scham_1.jpg","datePublished":"2019-09-12T13:23:03+00:00","dateModified":"2020-02-02T13:29:55+00:00","author":{"@id":"https:\/\/fpluso.com\/en\/#\/schema\/person\/28e698a0b562ab0e143cd66012304d3b"},"breadcrumb":{"@id":"https:\/\/fpluso.com\/scham-die-tabuisierte-emotion\/#breadcrumb"},"inLanguage":"en-US","potentialAction":[{"@type":"ReadAction","target":["https:\/\/fpluso.com\/scham-die-tabuisierte-emotion\/"]}]},{"@type":"ImageObject","inLanguage":"en-US","@id":"https:\/\/fpluso.com\/scham-die-tabuisierte-emotion\/#primaryimage","url":"https:\/\/fpluso.com\/wp-content\/uploads\/2020\/02\/scham_1.jpg","contentUrl":"https:\/\/fpluso.com\/wp-content\/uploads\/2020\/02\/scham_1.jpg","width":960,"height":713},{"@type":"BreadcrumbList","@id":"https:\/\/fpluso.com\/scham-die-tabuisierte-emotion\/#breadcrumb","itemListElement":[{"@type":"ListItem","position":1,"name":"Startseite","item":"https:\/\/fpluso.com\/en\/"},{"@type":"ListItem","position":2,"name":"Scham \u2013 die tabuisierte Emotion"}]},{"@type":"WebSite","@id":"https:\/\/fpluso.com\/en\/#website","url":"https:\/\/fpluso.com\/en\/","name":"F&O F\u00fchrungskr\u00e4fte- & Organisationsentwicklung","description":"","potentialAction":[{"@type":"SearchAction","target":{"@type":"EntryPoint","urlTemplate":"https:\/\/fpluso.com\/en\/?s={search_term_string}"},"query-input":{"@type":"PropertyValueSpecification","valueRequired":true,"valueName":"search_term_string"}}],"inLanguage":"en-US"},{"@type":"Person","@id":"https:\/\/fpluso.com\/en\/#\/schema\/person\/28e698a0b562ab0e143cd66012304d3b","name":"Esther","image":{"@type":"ImageObject","inLanguage":"en-US","@id":"https:\/\/fpluso.com\/en\/#\/schema\/person\/image\/","url":"https:\/\/secure.gravatar.com\/avatar\/18b376427d432bfd3f3b80ad3c9f937b098b9ef6f1f681b9c342bd70361e5750?s=96&d=mm&r=g","contentUrl":"https:\/\/secure.gravatar.com\/avatar\/18b376427d432bfd3f3b80ad3c9f937b098b9ef6f1f681b9c342bd70361e5750?s=96&d=mm&r=g","caption":"Esther"},"url":"https:\/\/fpluso.com\/en\/author\/esther\/"}]}},"_links":{"self":[{"href":"https:\/\/fpluso.com\/en\/wp-json\/wp\/v2\/posts\/13685","targetHints":{"allow":["GET"]}}],"collection":[{"href":"https:\/\/fpluso.com\/en\/wp-json\/wp\/v2\/posts"}],"about":[{"href":"https:\/\/fpluso.com\/en\/wp-json\/wp\/v2\/types\/post"}],"author":[{"embeddable":true,"href":"https:\/\/fpluso.com\/en\/wp-json\/wp\/v2\/users\/2"}],"replies":[{"embeddable":true,"href":"https:\/\/fpluso.com\/en\/wp-json\/wp\/v2\/comments?post=13685"}],"version-history":[{"count":1,"href":"https:\/\/fpluso.com\/en\/wp-json\/wp\/v2\/posts\/13685\/revisions"}],"predecessor-version":[{"id":13690,"href":"https:\/\/fpluso.com\/en\/wp-json\/wp\/v2\/posts\/13685\/revisions\/13690"}],"wp:featuredmedia":[{"embeddable":true,"href":"https:\/\/fpluso.com\/en\/wp-json\/wp\/v2\/media\/13686"}],"wp:attachment":[{"href":"https:\/\/fpluso.com\/en\/wp-json\/wp\/v2\/media?parent=13685"}],"wp:term":[{"taxonomy":"category","embeddable":true,"href":"https:\/\/fpluso.com\/en\/wp-json\/wp\/v2\/categories?post=13685"},{"taxonomy":"post_tag","embeddable":true,"href":"https:\/\/fpluso.com\/en\/wp-json\/wp\/v2\/tags?post=13685"}],"curies":[{"name":"wp","href":"https:\/\/api.w.org\/{rel}","templated":true}]}}