{"id":13257,"date":"2018-02-21T12:52:59","date_gmt":"2018-02-21T12:52:59","guid":{"rendered":"http:\/\/fpluso.com\/?p=13257"},"modified":"2018-12-31T16:10:07","modified_gmt":"2018-12-31T16:10:07","slug":"24-april-2018-get-a-grip-on-your-presentation-skills","status":"publish","type":"post","link":"https:\/\/fpluso.com\/en\/24-april-2018-get-a-grip-on-your-presentation-skills\/","title":{"rendered":"Moderation einer Management Konferenz"},"content":{"rendered":"<p><a href=\"https:\/\/fpluso.com\/en\/moderation-einer-management-konferenz\/management_konferenz_2\/\" rel=\"attachment wp-att-13242\"><img decoding=\"async\" class=\"alignnone size-full wp-image-13242\" src=\"http:\/\/fpluso.com\/wp-content\/uploads\/2018\/08\/management_konferenz_2.jpg\" alt=\"\" width=\"1748\" height=\"2021\" srcset=\"https:\/\/fpluso.com\/wp-content\/uploads\/2018\/08\/management_konferenz_2-200x231.jpg 200w, https:\/\/fpluso.com\/wp-content\/uploads\/2018\/08\/management_konferenz_2-259x300.jpg 259w, https:\/\/fpluso.com\/wp-content\/uploads\/2018\/08\/management_konferenz_2-400x462.jpg 400w, https:\/\/fpluso.com\/wp-content\/uploads\/2018\/08\/management_konferenz_2-600x694.jpg 600w, https:\/\/fpluso.com\/wp-content\/uploads\/2018\/08\/management_konferenz_2-800x925.jpg 800w, https:\/\/fpluso.com\/wp-content\/uploads\/2018\/08\/management_konferenz_2-886x1024.jpg 886w, https:\/\/fpluso.com\/wp-content\/uploads\/2018\/08\/management_konferenz_2-1200x1387.jpg 1200w, https:\/\/fpluso.com\/wp-content\/uploads\/2018\/08\/management_konferenz_2.jpg 1748w\" sizes=\"(max-width: 1748px) 100vw, 1748px\" \/><\/a>Practice your presentation skills in a very small group. Get intensiv feedback on your style as well as your bodylanguage and your expression. Profit from nativ speaking coach with longterm business experience.Vor kurzem haben wir eine Management-Konferenz moderiert. Dabei ging es auch um die Frage, wie sich F\u00fchrung im Einklang von Unternehmens- und F\u00fchrungsleitbild zeigt? Antworten konnten die Teilnehmer bei ungew\u00f6hnlichen \u201eErlebnissen\u201c, wie z.B. beim Story Telling, Tango tanzen, Embodiment und Skulpturen gestalten, finden.<\/p>\n<p>&nbsp;<\/p>\n<p>&nbsp;<\/p>\n","protected":false},"excerpt":{"rendered":"<p>Practice your presentation skills in a very small group. Get intensiv feedback on your style as well as your bodylanguage and your expression. Profit from nativ speaking coach with longterm business experience.Vor kurzem haben wir eine Management-Konferenz moderiert. Dabei ging es auch um die Frage, wie sich F\u00fchrung im Einklang von Unternehmens- und F\u00fchrungsleitbild zeigt? Antworten [&hellip;]<\/p>\n","protected":false},"author":2,"featured_media":13240,"comment_status":"open","ping_status":"open","sticky":false,"template":"","format":"standard","meta":{"footnotes":""},"categories":[74],"tags":[],"class_list":["post-13257","post","type-post","status-publish","format-standard","has-post-thumbnail","hentry","category-veranstaltung"],"yoast_head":"<!-- This site is optimized with the Yoast SEO plugin v26.8 - https:\/\/yoast.com\/product\/yoast-seo-wordpress\/ -->\n<title>Moderation einer Management Konferenz - F&amp;O F\u00fchrungskr\u00e4fte- &amp; Organisationsentwicklung<\/title>\n<meta name=\"robots\" content=\"index, follow, max-snippet:-1, max-image-preview:large, max-video-preview:-1\" \/>\n<link rel=\"canonical\" href=\"https:\/\/fpluso.com\/24-april-2018-get-a-grip-on-your-presentation-skills\/\" \/>\n<meta property=\"og:locale\" content=\"en_US\" \/>\n<meta property=\"og:type\" content=\"article\" \/>\n<meta property=\"og:title\" content=\"Moderation einer Management Konferenz - F&amp;O F\u00fchrungskr\u00e4fte- &amp; Organisationsentwicklung\" \/>\n<meta property=\"og:description\" content=\"Practice your presentation skills in a very small group. Get intensiv feedback on your style as well as your bodylanguage and your expression. Profit from nativ speaking coach with longterm business experience.Vor kurzem haben wir eine Management-Konferenz moderiert. Dabei ging es auch um die Frage, wie sich F\u00fchrung im Einklang von Unternehmens- und F\u00fchrungsleitbild zeigt? Antworten [&hellip;]\" \/>\n<meta property=\"og:url\" content=\"https:\/\/fpluso.com\/24-april-2018-get-a-grip-on-your-presentation-skills\/\" \/>\n<meta property=\"og:site_name\" content=\"F&amp;O F\u00fchrungskr\u00e4fte- &amp; Organisationsentwicklung\" \/>\n<meta property=\"article:published_time\" content=\"2018-02-21T12:52:59+00:00\" \/>\n<meta property=\"article:modified_time\" content=\"2018-12-31T16:10:07+00:00\" \/>\n<meta property=\"og:image\" content=\"https:\/\/fpluso.com\/wp-content\/uploads\/2018\/08\/management_konferenz_1.jpg\" \/>\n\t<meta property=\"og:image:width\" content=\"1077\" \/>\n\t<meta property=\"og:image:height\" content=\"1845\" \/>\n\t<meta property=\"og:image:type\" content=\"image\/jpeg\" \/>\n<meta name=\"author\" content=\"Esther\" \/>\n<meta name=\"twitter:card\" content=\"summary_large_image\" \/>\n<meta name=\"twitter:label1\" content=\"Written by\" \/>\n\t<meta name=\"twitter:data1\" content=\"Esther\" \/>\n<script type=\"application\/ld+json\" class=\"yoast-schema-graph\">{\"@context\":\"https:\/\/schema.org\",\"@graph\":[{\"@type\":\"Article\",\"@id\":\"https:\/\/fpluso.com\/24-april-2018-get-a-grip-on-your-presentation-skills\/#article\",\"isPartOf\":{\"@id\":\"https:\/\/fpluso.com\/24-april-2018-get-a-grip-on-your-presentation-skills\/\"},\"author\":{\"name\":\"Esther\",\"@id\":\"https:\/\/fpluso.com\/en\/#\/schema\/person\/28e698a0b562ab0e143cd66012304d3b\"},\"headline\":\"Moderation einer Management Konferenz\",\"datePublished\":\"2018-02-21T12:52:59+00:00\",\"dateModified\":\"2018-12-31T16:10:07+00:00\",\"mainEntityOfPage\":{\"@id\":\"https:\/\/fpluso.com\/24-april-2018-get-a-grip-on-your-presentation-skills\/\"},\"wordCount\":85,\"commentCount\":0,\"image\":{\"@id\":\"https:\/\/fpluso.com\/24-april-2018-get-a-grip-on-your-presentation-skills\/#primaryimage\"},\"thumbnailUrl\":\"https:\/\/fpluso.com\/wp-content\/uploads\/2018\/08\/management_konferenz_1.jpg\",\"articleSection\":[\"Seminar\"],\"inLanguage\":\"en-US\",\"potentialAction\":[{\"@type\":\"CommentAction\",\"name\":\"Comment\",\"target\":[\"https:\/\/fpluso.com\/24-april-2018-get-a-grip-on-your-presentation-skills\/#respond\"]}]},{\"@type\":\"WebPage\",\"@id\":\"https:\/\/fpluso.com\/24-april-2018-get-a-grip-on-your-presentation-skills\/\",\"url\":\"https:\/\/fpluso.com\/24-april-2018-get-a-grip-on-your-presentation-skills\/\",\"name\":\"Moderation einer Management Konferenz - F&O F\u00fchrungskr\u00e4fte- & Organisationsentwicklung\",\"isPartOf\":{\"@id\":\"https:\/\/fpluso.com\/en\/#website\"},\"primaryImageOfPage\":{\"@id\":\"https:\/\/fpluso.com\/24-april-2018-get-a-grip-on-your-presentation-skills\/#primaryimage\"},\"image\":{\"@id\":\"https:\/\/fpluso.com\/24-april-2018-get-a-grip-on-your-presentation-skills\/#primaryimage\"},\"thumbnailUrl\":\"https:\/\/fpluso.com\/wp-content\/uploads\/2018\/08\/management_konferenz_1.jpg\",\"datePublished\":\"2018-02-21T12:52:59+00:00\",\"dateModified\":\"2018-12-31T16:10:07+00:00\",\"author\":{\"@id\":\"https:\/\/fpluso.com\/en\/#\/schema\/person\/28e698a0b562ab0e143cd66012304d3b\"},\"breadcrumb\":{\"@id\":\"https:\/\/fpluso.com\/24-april-2018-get-a-grip-on-your-presentation-skills\/#breadcrumb\"},\"inLanguage\":\"en-US\",\"potentialAction\":[{\"@type\":\"ReadAction\",\"target\":[\"https:\/\/fpluso.com\/24-april-2018-get-a-grip-on-your-presentation-skills\/\"]}]},{\"@type\":\"ImageObject\",\"inLanguage\":\"en-US\",\"@id\":\"https:\/\/fpluso.com\/24-april-2018-get-a-grip-on-your-presentation-skills\/#primaryimage\",\"url\":\"https:\/\/fpluso.com\/wp-content\/uploads\/2018\/08\/management_konferenz_1.jpg\",\"contentUrl\":\"https:\/\/fpluso.com\/wp-content\/uploads\/2018\/08\/management_konferenz_1.jpg\",\"width\":1077,\"height\":1845},{\"@type\":\"BreadcrumbList\",\"@id\":\"https:\/\/fpluso.com\/24-april-2018-get-a-grip-on-your-presentation-skills\/#breadcrumb\",\"itemListElement\":[{\"@type\":\"ListItem\",\"position\":1,\"name\":\"Startseite\",\"item\":\"https:\/\/fpluso.com\/en\/\"},{\"@type\":\"ListItem\",\"position\":2,\"name\":\"Moderation einer Management Konferenz\"}]},{\"@type\":\"WebSite\",\"@id\":\"https:\/\/fpluso.com\/en\/#website\",\"url\":\"https:\/\/fpluso.com\/en\/\",\"name\":\"F&O F\u00fchrungskr\u00e4fte- & Organisationsentwicklung\",\"description\":\"\",\"potentialAction\":[{\"@type\":\"SearchAction\",\"target\":{\"@type\":\"EntryPoint\",\"urlTemplate\":\"https:\/\/fpluso.com\/en\/?s={search_term_string}\"},\"query-input\":{\"@type\":\"PropertyValueSpecification\",\"valueRequired\":true,\"valueName\":\"search_term_string\"}}],\"inLanguage\":\"en-US\"},{\"@type\":\"Person\",\"@id\":\"https:\/\/fpluso.com\/en\/#\/schema\/person\/28e698a0b562ab0e143cd66012304d3b\",\"name\":\"Esther\",\"image\":{\"@type\":\"ImageObject\",\"inLanguage\":\"en-US\",\"@id\":\"https:\/\/fpluso.com\/en\/#\/schema\/person\/image\/\",\"url\":\"https:\/\/secure.gravatar.com\/avatar\/18b376427d432bfd3f3b80ad3c9f937b098b9ef6f1f681b9c342bd70361e5750?s=96&d=mm&r=g\",\"contentUrl\":\"https:\/\/secure.gravatar.com\/avatar\/18b376427d432bfd3f3b80ad3c9f937b098b9ef6f1f681b9c342bd70361e5750?s=96&d=mm&r=g\",\"caption\":\"Esther\"},\"url\":\"https:\/\/fpluso.com\/en\/author\/esther\/\"}]}<\/script>\n<!-- \/ Yoast SEO plugin. -->","yoast_head_json":{"title":"Moderation einer Management Konferenz - F&O F\u00fchrungskr\u00e4fte- & Organisationsentwicklung","robots":{"index":"index","follow":"follow","max-snippet":"max-snippet:-1","max-image-preview":"max-image-preview:large","max-video-preview":"max-video-preview:-1"},"canonical":"https:\/\/fpluso.com\/24-april-2018-get-a-grip-on-your-presentation-skills\/","og_locale":"en_US","og_type":"article","og_title":"Moderation einer Management Konferenz - F&O F\u00fchrungskr\u00e4fte- & Organisationsentwicklung","og_description":"Practice your presentation skills in a very small group. Get intensiv feedback on your style as well as your bodylanguage and your expression. Profit from nativ speaking coach with longterm business experience.Vor kurzem haben wir eine Management-Konferenz moderiert. Dabei ging es auch um die Frage, wie sich F\u00fchrung im Einklang von Unternehmens- und F\u00fchrungsleitbild zeigt? Antworten [&hellip;]","og_url":"https:\/\/fpluso.com\/24-april-2018-get-a-grip-on-your-presentation-skills\/","og_site_name":"F&O F\u00fchrungskr\u00e4fte- & Organisationsentwicklung","article_published_time":"2018-02-21T12:52:59+00:00","article_modified_time":"2018-12-31T16:10:07+00:00","og_image":[{"width":1077,"height":1845,"url":"https:\/\/fpluso.com\/wp-content\/uploads\/2018\/08\/management_konferenz_1.jpg","type":"image\/jpeg"}],"author":"Esther","twitter_card":"summary_large_image","twitter_misc":{"Written by":"Esther"},"schema":{"@context":"https:\/\/schema.org","@graph":[{"@type":"Article","@id":"https:\/\/fpluso.com\/24-april-2018-get-a-grip-on-your-presentation-skills\/#article","isPartOf":{"@id":"https:\/\/fpluso.com\/24-april-2018-get-a-grip-on-your-presentation-skills\/"},"author":{"name":"Esther","@id":"https:\/\/fpluso.com\/en\/#\/schema\/person\/28e698a0b562ab0e143cd66012304d3b"},"headline":"Moderation einer Management Konferenz","datePublished":"2018-02-21T12:52:59+00:00","dateModified":"2018-12-31T16:10:07+00:00","mainEntityOfPage":{"@id":"https:\/\/fpluso.com\/24-april-2018-get-a-grip-on-your-presentation-skills\/"},"wordCount":85,"commentCount":0,"image":{"@id":"https:\/\/fpluso.com\/24-april-2018-get-a-grip-on-your-presentation-skills\/#primaryimage"},"thumbnailUrl":"https:\/\/fpluso.com\/wp-content\/uploads\/2018\/08\/management_konferenz_1.jpg","articleSection":["Seminar"],"inLanguage":"en-US","potentialAction":[{"@type":"CommentAction","name":"Comment","target":["https:\/\/fpluso.com\/24-april-2018-get-a-grip-on-your-presentation-skills\/#respond"]}]},{"@type":"WebPage","@id":"https:\/\/fpluso.com\/24-april-2018-get-a-grip-on-your-presentation-skills\/","url":"https:\/\/fpluso.com\/24-april-2018-get-a-grip-on-your-presentation-skills\/","name":"Moderation einer Management Konferenz - F&O F\u00fchrungskr\u00e4fte- & Organisationsentwicklung","isPartOf":{"@id":"https:\/\/fpluso.com\/en\/#website"},"primaryImageOfPage":{"@id":"https:\/\/fpluso.com\/24-april-2018-get-a-grip-on-your-presentation-skills\/#primaryimage"},"image":{"@id":"https:\/\/fpluso.com\/24-april-2018-get-a-grip-on-your-presentation-skills\/#primaryimage"},"thumbnailUrl":"https:\/\/fpluso.com\/wp-content\/uploads\/2018\/08\/management_konferenz_1.jpg","datePublished":"2018-02-21T12:52:59+00:00","dateModified":"2018-12-31T16:10:07+00:00","author":{"@id":"https:\/\/fpluso.com\/en\/#\/schema\/person\/28e698a0b562ab0e143cd66012304d3b"},"breadcrumb":{"@id":"https:\/\/fpluso.com\/24-april-2018-get-a-grip-on-your-presentation-skills\/#breadcrumb"},"inLanguage":"en-US","potentialAction":[{"@type":"ReadAction","target":["https:\/\/fpluso.com\/24-april-2018-get-a-grip-on-your-presentation-skills\/"]}]},{"@type":"ImageObject","inLanguage":"en-US","@id":"https:\/\/fpluso.com\/24-april-2018-get-a-grip-on-your-presentation-skills\/#primaryimage","url":"https:\/\/fpluso.com\/wp-content\/uploads\/2018\/08\/management_konferenz_1.jpg","contentUrl":"https:\/\/fpluso.com\/wp-content\/uploads\/2018\/08\/management_konferenz_1.jpg","width":1077,"height":1845},{"@type":"BreadcrumbList","@id":"https:\/\/fpluso.com\/24-april-2018-get-a-grip-on-your-presentation-skills\/#breadcrumb","itemListElement":[{"@type":"ListItem","position":1,"name":"Startseite","item":"https:\/\/fpluso.com\/en\/"},{"@type":"ListItem","position":2,"name":"Moderation einer Management Konferenz"}]},{"@type":"WebSite","@id":"https:\/\/fpluso.com\/en\/#website","url":"https:\/\/fpluso.com\/en\/","name":"F&O F\u00fchrungskr\u00e4fte- & Organisationsentwicklung","description":"","potentialAction":[{"@type":"SearchAction","target":{"@type":"EntryPoint","urlTemplate":"https:\/\/fpluso.com\/en\/?s={search_term_string}"},"query-input":{"@type":"PropertyValueSpecification","valueRequired":true,"valueName":"search_term_string"}}],"inLanguage":"en-US"},{"@type":"Person","@id":"https:\/\/fpluso.com\/en\/#\/schema\/person\/28e698a0b562ab0e143cd66012304d3b","name":"Esther","image":{"@type":"ImageObject","inLanguage":"en-US","@id":"https:\/\/fpluso.com\/en\/#\/schema\/person\/image\/","url":"https:\/\/secure.gravatar.com\/avatar\/18b376427d432bfd3f3b80ad3c9f937b098b9ef6f1f681b9c342bd70361e5750?s=96&d=mm&r=g","contentUrl":"https:\/\/secure.gravatar.com\/avatar\/18b376427d432bfd3f3b80ad3c9f937b098b9ef6f1f681b9c342bd70361e5750?s=96&d=mm&r=g","caption":"Esther"},"url":"https:\/\/fpluso.com\/en\/author\/esther\/"}]}},"_links":{"self":[{"href":"https:\/\/fpluso.com\/en\/wp-json\/wp\/v2\/posts\/13257","targetHints":{"allow":["GET"]}}],"collection":[{"href":"https:\/\/fpluso.com\/en\/wp-json\/wp\/v2\/posts"}],"about":[{"href":"https:\/\/fpluso.com\/en\/wp-json\/wp\/v2\/types\/post"}],"author":[{"embeddable":true,"href":"https:\/\/fpluso.com\/en\/wp-json\/wp\/v2\/users\/2"}],"replies":[{"embeddable":true,"href":"https:\/\/fpluso.com\/en\/wp-json\/wp\/v2\/comments?post=13257"}],"version-history":[{"count":4,"href":"https:\/\/fpluso.com\/en\/wp-json\/wp\/v2\/posts\/13257\/revisions"}],"predecessor-version":[{"id":13261,"href":"https:\/\/fpluso.com\/en\/wp-json\/wp\/v2\/posts\/13257\/revisions\/13261"}],"wp:featuredmedia":[{"embeddable":true,"href":"https:\/\/fpluso.com\/en\/wp-json\/wp\/v2\/media\/13240"}],"wp:attachment":[{"href":"https:\/\/fpluso.com\/en\/wp-json\/wp\/v2\/media?parent=13257"}],"wp:term":[{"taxonomy":"category","embeddable":true,"href":"https:\/\/fpluso.com\/en\/wp-json\/wp\/v2\/categories?post=13257"},{"taxonomy":"post_tag","embeddable":true,"href":"https:\/\/fpluso.com\/en\/wp-json\/wp\/v2\/tags?post=13257"}],"curies":[{"name":"wp","href":"https:\/\/api.w.org\/{rel}","templated":true}]}}