{"id":13051,"date":"2017-02-07T19:03:22","date_gmt":"2017-02-07T19:03:22","guid":{"rendered":"http:\/\/fpluso.com\/?p=13051"},"modified":"2018-12-31T16:10:07","modified_gmt":"2018-12-31T16:10:07","slug":"seminar-praesentieren-in-schwierigen-situationen-%e2%80%a809-10-11-2017","status":"publish","type":"post","link":"https:\/\/fpluso.com\/en\/seminar-praesentieren-in-schwierigen-situationen-%e2%80%a809-10-11-2017\/","title":{"rendered":"Seminar \u201ePr\u00e4sentieren in schwierigen Situationen\u201c \u2013 \u202809.-10.11.2017"},"content":{"rendered":"<p><strong>Wozu?<\/strong><br \/>\nUm vorhandene Kenntnisse zu Pr\u00e4sentationstechniken zu vertiefen und spontan, sicher und \u00fcberzeugend auf Einw\u00e4nde bei Vortr\u00e4gen einzugehen.<br \/>\n<strong>Wer?<\/strong><br \/>\nF\u00fcr alle, die bereits das Basisseminar \u201eEinfach pr\u00e4sentieren \u2013 Coaching f\u00fcr den eigenen Stil\u201c besucht haben und nun ihre Pr\u00e4sentationsf\u00e4higkeiten weiter verbessern m\u00f6chten um auch schwierige Situationen zu meistern und angemessen auf R\u00fcckmeldungen Ihrer Zuh\u00f6rer einzugehen.<\/p>\n<p><strong>Zitate von unseren Teilnehmern:<\/strong><br \/>\n\u201eIch habe gelernt, verbale Angriffe als Kooperationsangebot zu verstehen und Teilnehmer mithilfe unterschiedlicher Techniken zu einer sachlicheren Diskussion einzuladen.\u201c<br \/>\n\u201eVor der n\u00e4chsten Pr\u00e4sentation habe ich keine Sorge mehr vor Widerstand und St\u00f6rfeuer aus dem Publikum. Ich wei\u00df jetzt, wie ich damit gut umgehen kann.\u201c<br \/>\n\u201eThe Trainer was giving feedback to each participant, where he or she has the biggest room for improvement. Giving feedback without judgement!&#8221;<br \/>\nNeugierig geworden, die Veranstaltung zu besuchen? Das n\u00e4chste Seminar zu diesem Thema bieten wir vom 09.-10. Nov. 2017 an. Wir freuen uns \u00fcber Anmeldungen.<\/p>\n<p>&nbsp;<\/p>\n<p><img decoding=\"async\" class=\"alignnone wp-image-13065 size-full\" src=\"http:\/\/fpluso.com\/wp-content\/uploads\/2017\/02\/Praesi_3.jpg\" width=\"2948\" height=\"2048\" srcset=\"https:\/\/fpluso.com\/wp-content\/uploads\/2017\/02\/Praesi_3-200x139.jpg 200w, https:\/\/fpluso.com\/wp-content\/uploads\/2017\/02\/Praesi_3-300x208.jpg 300w, https:\/\/fpluso.com\/wp-content\/uploads\/2017\/02\/Praesi_3-400x278.jpg 400w, https:\/\/fpluso.com\/wp-content\/uploads\/2017\/02\/Praesi_3-600x417.jpg 600w, https:\/\/fpluso.com\/wp-content\/uploads\/2017\/02\/Praesi_3-800x556.jpg 800w, https:\/\/fpluso.com\/wp-content\/uploads\/2017\/02\/Praesi_3-1024x711.jpg 1024w, https:\/\/fpluso.com\/wp-content\/uploads\/2017\/02\/Praesi_3-1200x834.jpg 1200w, https:\/\/fpluso.com\/wp-content\/uploads\/2017\/02\/Praesi_3.jpg 2948w\" sizes=\"(max-width: 2948px) 100vw, 2948px\" \/><\/p>\n","protected":false},"excerpt":{"rendered":"<p>Wozu? Um vorhandene Kenntnisse zu Pr\u00e4sentationstechniken zu vertiefen und spontan, sicher und \u00fcberzeugend auf Einw\u00e4nde bei Vortr\u00e4gen einzugehen. Wer? F\u00fcr alle, die bereits das Basisseminar \u201eEinfach pr\u00e4sentieren \u2013 Coaching f\u00fcr den eigenen Stil\u201c besucht haben und nun ihre Pr\u00e4sentationsf\u00e4higkeiten weiter verbessern m\u00f6chten um auch schwierige Situationen zu meistern und angemessen auf R\u00fcckmeldungen Ihrer Zuh\u00f6rer einzugehen. Zitate [&hellip;]<\/p>\n","protected":false},"author":2,"featured_media":13052,"comment_status":"open","ping_status":"open","sticky":false,"template":"","format":"standard","meta":{"footnotes":""},"categories":[41],"tags":[],"class_list":["post-13051","post","type-post","status-publish","format-standard","has-post-thumbnail","hentry","category-tools"],"yoast_head":"<!-- This site is optimized with the Yoast SEO plugin v26.8 - https:\/\/yoast.com\/product\/yoast-seo-wordpress\/ -->\n<title>Seminar \u201ePr\u00e4sentieren in schwierigen Situationen\u201c \u2013 \u202809.-10.11.2017 - F&amp;O F\u00fchrungskr\u00e4fte- &amp; Organisationsentwicklung<\/title>\n<meta name=\"robots\" content=\"index, follow, max-snippet:-1, max-image-preview:large, max-video-preview:-1\" \/>\n<link rel=\"canonical\" href=\"https:\/\/fpluso.com\/seminar-praesentieren-in-schwierigen-situationen-\u202809-10-11-2017\/\" \/>\n<meta property=\"og:locale\" content=\"en_US\" \/>\n<meta property=\"og:type\" content=\"article\" \/>\n<meta property=\"og:title\" content=\"Seminar \u201ePr\u00e4sentieren in schwierigen Situationen\u201c \u2013 \u202809.-10.11.2017 - F&amp;O F\u00fchrungskr\u00e4fte- &amp; Organisationsentwicklung\" \/>\n<meta property=\"og:description\" content=\"Wozu? Um vorhandene Kenntnisse zu Pr\u00e4sentationstechniken zu vertiefen und spontan, sicher und \u00fcberzeugend auf Einw\u00e4nde bei Vortr\u00e4gen einzugehen. Wer? F\u00fcr alle, die bereits das Basisseminar \u201eEinfach pr\u00e4sentieren \u2013 Coaching f\u00fcr den eigenen Stil\u201c besucht haben und nun ihre Pr\u00e4sentationsf\u00e4higkeiten weiter verbessern m\u00f6chten um auch schwierige Situationen zu meistern und angemessen auf R\u00fcckmeldungen Ihrer Zuh\u00f6rer einzugehen. Zitate [&hellip;]\" \/>\n<meta property=\"og:url\" content=\"https:\/\/fpluso.com\/seminar-praesentieren-in-schwierigen-situationen-\u202809-10-11-2017\/\" \/>\n<meta property=\"og:site_name\" content=\"F&amp;O F\u00fchrungskr\u00e4fte- &amp; Organisationsentwicklung\" \/>\n<meta property=\"article:published_time\" content=\"2017-02-07T19:03:22+00:00\" \/>\n<meta property=\"article:modified_time\" content=\"2018-12-31T16:10:07+00:00\" \/>\n<meta property=\"og:image\" content=\"https:\/\/fpluso.com\/wp-content\/uploads\/2017\/06\/Praesi_0.jpg\" \/>\n\t<meta property=\"og:image:width\" content=\"1491\" \/>\n\t<meta property=\"og:image:height\" content=\"901\" \/>\n\t<meta property=\"og:image:type\" content=\"image\/jpeg\" \/>\n<meta name=\"author\" content=\"Esther\" \/>\n<meta name=\"twitter:card\" content=\"summary_large_image\" \/>\n<meta name=\"twitter:label1\" content=\"Written by\" \/>\n\t<meta name=\"twitter:data1\" content=\"Esther\" \/>\n\t<meta name=\"twitter:label2\" content=\"Est. reading time\" \/>\n\t<meta name=\"twitter:data2\" content=\"1 minute\" \/>\n<script type=\"application\/ld+json\" class=\"yoast-schema-graph\">{\"@context\":\"https:\/\/schema.org\",\"@graph\":[{\"@type\":\"Article\",\"@id\":\"https:\/\/fpluso.com\/seminar-praesentieren-in-schwierigen-situationen-%e2%80%a809-10-11-2017\/#article\",\"isPartOf\":{\"@id\":\"https:\/\/fpluso.com\/seminar-praesentieren-in-schwierigen-situationen-%e2%80%a809-10-11-2017\/\"},\"author\":{\"name\":\"Esther\",\"@id\":\"https:\/\/fpluso.com\/en\/#\/schema\/person\/28e698a0b562ab0e143cd66012304d3b\"},\"headline\":\"Seminar \u201ePr\u00e4sentieren in schwierigen Situationen\u201c \u2013 \\u202809.-10.11.2017\",\"datePublished\":\"2017-02-07T19:03:22+00:00\",\"dateModified\":\"2018-12-31T16:10:07+00:00\",\"mainEntityOfPage\":{\"@id\":\"https:\/\/fpluso.com\/seminar-praesentieren-in-schwierigen-situationen-%e2%80%a809-10-11-2017\/\"},\"wordCount\":170,\"commentCount\":0,\"image\":{\"@id\":\"https:\/\/fpluso.com\/seminar-praesentieren-in-schwierigen-situationen-%e2%80%a809-10-11-2017\/#primaryimage\"},\"thumbnailUrl\":\"https:\/\/fpluso.com\/wp-content\/uploads\/2017\/06\/Praesi_0.jpg\",\"articleSection\":[\"Tools\"],\"inLanguage\":\"en-US\",\"potentialAction\":[{\"@type\":\"CommentAction\",\"name\":\"Comment\",\"target\":[\"https:\/\/fpluso.com\/seminar-praesentieren-in-schwierigen-situationen-%e2%80%a809-10-11-2017\/#respond\"]}]},{\"@type\":\"WebPage\",\"@id\":\"https:\/\/fpluso.com\/seminar-praesentieren-in-schwierigen-situationen-%e2%80%a809-10-11-2017\/\",\"url\":\"https:\/\/fpluso.com\/seminar-praesentieren-in-schwierigen-situationen-%e2%80%a809-10-11-2017\/\",\"name\":\"Seminar \u201ePr\u00e4sentieren in schwierigen Situationen\u201c \u2013 \\u202809.-10.11.2017 - F&O F\u00fchrungskr\u00e4fte- & Organisationsentwicklung\",\"isPartOf\":{\"@id\":\"https:\/\/fpluso.com\/en\/#website\"},\"primaryImageOfPage\":{\"@id\":\"https:\/\/fpluso.com\/seminar-praesentieren-in-schwierigen-situationen-%e2%80%a809-10-11-2017\/#primaryimage\"},\"image\":{\"@id\":\"https:\/\/fpluso.com\/seminar-praesentieren-in-schwierigen-situationen-%e2%80%a809-10-11-2017\/#primaryimage\"},\"thumbnailUrl\":\"https:\/\/fpluso.com\/wp-content\/uploads\/2017\/06\/Praesi_0.jpg\",\"datePublished\":\"2017-02-07T19:03:22+00:00\",\"dateModified\":\"2018-12-31T16:10:07+00:00\",\"author\":{\"@id\":\"https:\/\/fpluso.com\/en\/#\/schema\/person\/28e698a0b562ab0e143cd66012304d3b\"},\"breadcrumb\":{\"@id\":\"https:\/\/fpluso.com\/seminar-praesentieren-in-schwierigen-situationen-%e2%80%a809-10-11-2017\/#breadcrumb\"},\"inLanguage\":\"en-US\",\"potentialAction\":[{\"@type\":\"ReadAction\",\"target\":[\"https:\/\/fpluso.com\/seminar-praesentieren-in-schwierigen-situationen-%e2%80%a809-10-11-2017\/\"]}]},{\"@type\":\"ImageObject\",\"inLanguage\":\"en-US\",\"@id\":\"https:\/\/fpluso.com\/seminar-praesentieren-in-schwierigen-situationen-%e2%80%a809-10-11-2017\/#primaryimage\",\"url\":\"https:\/\/fpluso.com\/wp-content\/uploads\/2017\/06\/Praesi_0.jpg\",\"contentUrl\":\"https:\/\/fpluso.com\/wp-content\/uploads\/2017\/06\/Praesi_0.jpg\",\"width\":1491,\"height\":901},{\"@type\":\"BreadcrumbList\",\"@id\":\"https:\/\/fpluso.com\/seminar-praesentieren-in-schwierigen-situationen-%e2%80%a809-10-11-2017\/#breadcrumb\",\"itemListElement\":[{\"@type\":\"ListItem\",\"position\":1,\"name\":\"Startseite\",\"item\":\"https:\/\/fpluso.com\/en\/\"},{\"@type\":\"ListItem\",\"position\":2,\"name\":\"Seminar \u201ePr\u00e4sentieren in schwierigen Situationen\u201c \u2013 \\u202809.-10.11.2017\"}]},{\"@type\":\"WebSite\",\"@id\":\"https:\/\/fpluso.com\/en\/#website\",\"url\":\"https:\/\/fpluso.com\/en\/\",\"name\":\"F&O F\u00fchrungskr\u00e4fte- & Organisationsentwicklung\",\"description\":\"\",\"potentialAction\":[{\"@type\":\"SearchAction\",\"target\":{\"@type\":\"EntryPoint\",\"urlTemplate\":\"https:\/\/fpluso.com\/en\/?s={search_term_string}\"},\"query-input\":{\"@type\":\"PropertyValueSpecification\",\"valueRequired\":true,\"valueName\":\"search_term_string\"}}],\"inLanguage\":\"en-US\"},{\"@type\":\"Person\",\"@id\":\"https:\/\/fpluso.com\/en\/#\/schema\/person\/28e698a0b562ab0e143cd66012304d3b\",\"name\":\"Esther\",\"image\":{\"@type\":\"ImageObject\",\"inLanguage\":\"en-US\",\"@id\":\"https:\/\/fpluso.com\/en\/#\/schema\/person\/image\/\",\"url\":\"https:\/\/secure.gravatar.com\/avatar\/18b376427d432bfd3f3b80ad3c9f937b098b9ef6f1f681b9c342bd70361e5750?s=96&d=mm&r=g\",\"contentUrl\":\"https:\/\/secure.gravatar.com\/avatar\/18b376427d432bfd3f3b80ad3c9f937b098b9ef6f1f681b9c342bd70361e5750?s=96&d=mm&r=g\",\"caption\":\"Esther\"},\"url\":\"https:\/\/fpluso.com\/en\/author\/esther\/\"}]}<\/script>\n<!-- \/ Yoast SEO plugin. -->","yoast_head_json":{"title":"Seminar \u201ePr\u00e4sentieren in schwierigen Situationen\u201c \u2013 \u202809.-10.11.2017 - F&O F\u00fchrungskr\u00e4fte- & Organisationsentwicklung","robots":{"index":"index","follow":"follow","max-snippet":"max-snippet:-1","max-image-preview":"max-image-preview:large","max-video-preview":"max-video-preview:-1"},"canonical":"https:\/\/fpluso.com\/seminar-praesentieren-in-schwierigen-situationen-\u202809-10-11-2017\/","og_locale":"en_US","og_type":"article","og_title":"Seminar \u201ePr\u00e4sentieren in schwierigen Situationen\u201c \u2013 \u202809.-10.11.2017 - F&O F\u00fchrungskr\u00e4fte- & Organisationsentwicklung","og_description":"Wozu? Um vorhandene Kenntnisse zu Pr\u00e4sentationstechniken zu vertiefen und spontan, sicher und \u00fcberzeugend auf Einw\u00e4nde bei Vortr\u00e4gen einzugehen. Wer? F\u00fcr alle, die bereits das Basisseminar \u201eEinfach pr\u00e4sentieren \u2013 Coaching f\u00fcr den eigenen Stil\u201c besucht haben und nun ihre Pr\u00e4sentationsf\u00e4higkeiten weiter verbessern m\u00f6chten um auch schwierige Situationen zu meistern und angemessen auf R\u00fcckmeldungen Ihrer Zuh\u00f6rer einzugehen. Zitate [&hellip;]","og_url":"https:\/\/fpluso.com\/seminar-praesentieren-in-schwierigen-situationen-\u202809-10-11-2017\/","og_site_name":"F&O F\u00fchrungskr\u00e4fte- & Organisationsentwicklung","article_published_time":"2017-02-07T19:03:22+00:00","article_modified_time":"2018-12-31T16:10:07+00:00","og_image":[{"width":1491,"height":901,"url":"https:\/\/fpluso.com\/wp-content\/uploads\/2017\/06\/Praesi_0.jpg","type":"image\/jpeg"}],"author":"Esther","twitter_card":"summary_large_image","twitter_misc":{"Written by":"Esther","Est. reading time":"1 minute"},"schema":{"@context":"https:\/\/schema.org","@graph":[{"@type":"Article","@id":"https:\/\/fpluso.com\/seminar-praesentieren-in-schwierigen-situationen-%e2%80%a809-10-11-2017\/#article","isPartOf":{"@id":"https:\/\/fpluso.com\/seminar-praesentieren-in-schwierigen-situationen-%e2%80%a809-10-11-2017\/"},"author":{"name":"Esther","@id":"https:\/\/fpluso.com\/en\/#\/schema\/person\/28e698a0b562ab0e143cd66012304d3b"},"headline":"Seminar \u201ePr\u00e4sentieren in schwierigen Situationen\u201c \u2013 \u202809.-10.11.2017","datePublished":"2017-02-07T19:03:22+00:00","dateModified":"2018-12-31T16:10:07+00:00","mainEntityOfPage":{"@id":"https:\/\/fpluso.com\/seminar-praesentieren-in-schwierigen-situationen-%e2%80%a809-10-11-2017\/"},"wordCount":170,"commentCount":0,"image":{"@id":"https:\/\/fpluso.com\/seminar-praesentieren-in-schwierigen-situationen-%e2%80%a809-10-11-2017\/#primaryimage"},"thumbnailUrl":"https:\/\/fpluso.com\/wp-content\/uploads\/2017\/06\/Praesi_0.jpg","articleSection":["Tools"],"inLanguage":"en-US","potentialAction":[{"@type":"CommentAction","name":"Comment","target":["https:\/\/fpluso.com\/seminar-praesentieren-in-schwierigen-situationen-%e2%80%a809-10-11-2017\/#respond"]}]},{"@type":"WebPage","@id":"https:\/\/fpluso.com\/seminar-praesentieren-in-schwierigen-situationen-%e2%80%a809-10-11-2017\/","url":"https:\/\/fpluso.com\/seminar-praesentieren-in-schwierigen-situationen-%e2%80%a809-10-11-2017\/","name":"Seminar \u201ePr\u00e4sentieren in schwierigen Situationen\u201c \u2013 \u202809.-10.11.2017 - F&O F\u00fchrungskr\u00e4fte- & Organisationsentwicklung","isPartOf":{"@id":"https:\/\/fpluso.com\/en\/#website"},"primaryImageOfPage":{"@id":"https:\/\/fpluso.com\/seminar-praesentieren-in-schwierigen-situationen-%e2%80%a809-10-11-2017\/#primaryimage"},"image":{"@id":"https:\/\/fpluso.com\/seminar-praesentieren-in-schwierigen-situationen-%e2%80%a809-10-11-2017\/#primaryimage"},"thumbnailUrl":"https:\/\/fpluso.com\/wp-content\/uploads\/2017\/06\/Praesi_0.jpg","datePublished":"2017-02-07T19:03:22+00:00","dateModified":"2018-12-31T16:10:07+00:00","author":{"@id":"https:\/\/fpluso.com\/en\/#\/schema\/person\/28e698a0b562ab0e143cd66012304d3b"},"breadcrumb":{"@id":"https:\/\/fpluso.com\/seminar-praesentieren-in-schwierigen-situationen-%e2%80%a809-10-11-2017\/#breadcrumb"},"inLanguage":"en-US","potentialAction":[{"@type":"ReadAction","target":["https:\/\/fpluso.com\/seminar-praesentieren-in-schwierigen-situationen-%e2%80%a809-10-11-2017\/"]}]},{"@type":"ImageObject","inLanguage":"en-US","@id":"https:\/\/fpluso.com\/seminar-praesentieren-in-schwierigen-situationen-%e2%80%a809-10-11-2017\/#primaryimage","url":"https:\/\/fpluso.com\/wp-content\/uploads\/2017\/06\/Praesi_0.jpg","contentUrl":"https:\/\/fpluso.com\/wp-content\/uploads\/2017\/06\/Praesi_0.jpg","width":1491,"height":901},{"@type":"BreadcrumbList","@id":"https:\/\/fpluso.com\/seminar-praesentieren-in-schwierigen-situationen-%e2%80%a809-10-11-2017\/#breadcrumb","itemListElement":[{"@type":"ListItem","position":1,"name":"Startseite","item":"https:\/\/fpluso.com\/en\/"},{"@type":"ListItem","position":2,"name":"Seminar \u201ePr\u00e4sentieren in schwierigen Situationen\u201c \u2013 \u202809.-10.11.2017"}]},{"@type":"WebSite","@id":"https:\/\/fpluso.com\/en\/#website","url":"https:\/\/fpluso.com\/en\/","name":"F&O F\u00fchrungskr\u00e4fte- & Organisationsentwicklung","description":"","potentialAction":[{"@type":"SearchAction","target":{"@type":"EntryPoint","urlTemplate":"https:\/\/fpluso.com\/en\/?s={search_term_string}"},"query-input":{"@type":"PropertyValueSpecification","valueRequired":true,"valueName":"search_term_string"}}],"inLanguage":"en-US"},{"@type":"Person","@id":"https:\/\/fpluso.com\/en\/#\/schema\/person\/28e698a0b562ab0e143cd66012304d3b","name":"Esther","image":{"@type":"ImageObject","inLanguage":"en-US","@id":"https:\/\/fpluso.com\/en\/#\/schema\/person\/image\/","url":"https:\/\/secure.gravatar.com\/avatar\/18b376427d432bfd3f3b80ad3c9f937b098b9ef6f1f681b9c342bd70361e5750?s=96&d=mm&r=g","contentUrl":"https:\/\/secure.gravatar.com\/avatar\/18b376427d432bfd3f3b80ad3c9f937b098b9ef6f1f681b9c342bd70361e5750?s=96&d=mm&r=g","caption":"Esther"},"url":"https:\/\/fpluso.com\/en\/author\/esther\/"}]}},"_links":{"self":[{"href":"https:\/\/fpluso.com\/en\/wp-json\/wp\/v2\/posts\/13051","targetHints":{"allow":["GET"]}}],"collection":[{"href":"https:\/\/fpluso.com\/en\/wp-json\/wp\/v2\/posts"}],"about":[{"href":"https:\/\/fpluso.com\/en\/wp-json\/wp\/v2\/types\/post"}],"author":[{"embeddable":true,"href":"https:\/\/fpluso.com\/en\/wp-json\/wp\/v2\/users\/2"}],"replies":[{"embeddable":true,"href":"https:\/\/fpluso.com\/en\/wp-json\/wp\/v2\/comments?post=13051"}],"version-history":[{"count":6,"href":"https:\/\/fpluso.com\/en\/wp-json\/wp\/v2\/posts\/13051\/revisions"}],"predecessor-version":[{"id":13067,"href":"https:\/\/fpluso.com\/en\/wp-json\/wp\/v2\/posts\/13051\/revisions\/13067"}],"wp:featuredmedia":[{"embeddable":true,"href":"https:\/\/fpluso.com\/en\/wp-json\/wp\/v2\/media\/13052"}],"wp:attachment":[{"href":"https:\/\/fpluso.com\/en\/wp-json\/wp\/v2\/media?parent=13051"}],"wp:term":[{"taxonomy":"category","embeddable":true,"href":"https:\/\/fpluso.com\/en\/wp-json\/wp\/v2\/categories?post=13051"},{"taxonomy":"post_tag","embeddable":true,"href":"https:\/\/fpluso.com\/en\/wp-json\/wp\/v2\/tags?post=13051"}],"curies":[{"name":"wp","href":"https:\/\/api.w.org\/{rel}","templated":true}]}}